{"id":4974,"date":"2017-03-10T11:30:01","date_gmt":"2017-03-10T18:30:01","guid":{"rendered":"http:\/\/www.deportechihuahua.com.mx\/1\/?p=4974"},"modified":"2017-05-08T11:33:02","modified_gmt":"2017-05-08T17:33:02","slug":"todo-listo-para-el-circuito-de-marcha-en-juarez","status":"publish","type":"post","link":"https:\/\/www.deportechihuahua.com.mx\/1\/archivos\/4974","title":{"rendered":"Todo listo para el Circuito de Marcha en Ju\u00e1rez"},"content":{"rendered":"<p align=\"justify\"><span style=\"font-family: Times New Roman,serif;\"><span style=\"font-size: medium;\"><a href=\"https:\/\/www.deportechihuahua.com.mx\/1\/wp-content\/uploads\/2017\/05\/Circuito-Internacional-de-Marcha-RP-Canaco.jpg\"><img loading=\"lazy\" decoding=\"async\" class=\"alignleft wp-image-4975 size-large\" src=\"https:\/\/www.deportechihuahua.com.mx\/1\/wp-content\/uploads\/2017\/05\/Circuito-Internacional-de-Marcha-RP-Canaco-1024x630.jpg\" alt=\"\" width=\"640\" height=\"394\" srcset=\"https:\/\/www.deportechihuahua.com.mx\/1\/wp-content\/uploads\/2017\/05\/Circuito-Internacional-de-Marcha-RP-Canaco-1024x630.jpg 1024w, https:\/\/www.deportechihuahua.com.mx\/1\/wp-content\/uploads\/2017\/05\/Circuito-Internacional-de-Marcha-RP-Canaco-300x185.jpg 300w, https:\/\/www.deportechihuahua.com.mx\/1\/wp-content\/uploads\/2017\/05\/Circuito-Internacional-de-Marcha-RP-Canaco-768x473.jpg 768w, https:\/\/www.deportechihuahua.com.mx\/1\/wp-content\/uploads\/2017\/05\/Circuito-Internacional-de-Marcha-RP-Canaco.jpg 1300w\" sizes=\"auto, (max-width: 640px) 100vw, 640px\" \/><\/a>Este viernes se realiz\u00f3 la Rueda de Prensa previa al Circuito Internacional de Marcha que se realizar\u00e1 en Ciudad Ju\u00e1rez este domingo 12 de marzo en el Circuito denominado \u201cPaseo Triunfo de la Rep\u00fablica\u201d a partir de las 8:00 horas.<\/span><\/span><\/p>\n<p align=\"justify\"><span style=\"font-family: Times New Roman,serif;\"><span style=\"font-size: medium;\">La conferencia con los medios de comunicaci\u00f3n se dio en las instalaciones de la C\u00e1mara Nacional del Comercio y Servicios Tur\u00edsticos de Ciudad Ju\u00e1rez (CANACO ServyTur), contando con la presencia de su Presidente Rogelio Gonz\u00e1lez, acompa\u00f1ado por C\u00e1ndido V\u00e9lez de la Asociaci\u00f3n Internacional de Federaciones de Atletismo (IAAF), Antonio Lozano Pineda presidente de la Federaci\u00f3n Mexicana de Asociaciones de Atletismo (FMAA), Juan Pedro Plascencia, sub director del Instituto Municipal del Deporte en Ciudad Ju\u00e1rez, Gustavo \u00c1lvarez coordinador t\u00e9cnico del evento y Juan Pedro Santa Rosa Gonz\u00e1lez, director del ICHD.<\/span><\/span><\/p>\n<p align=\"justify\"><span style=\"font-family: Times New Roman,serif;\"><span style=\"font-size: medium;\">As\u00ed mismo estuvieron presentes los marchistas Ana Cabeci\u00f1as e In\u00e9s Henr\u00edquez de Portugal, \u00c9rica Sena de Brasil y el ganador de la edici\u00f3n 2016 en los 50 kil\u00f3metros marcha, el ecuatoriano Andr\u00e9s Chocho, quien asegur\u00f3 buscar\u00e1 el podio en los 20 kms este domingo.<\/span><\/span><\/p>\n<p align=\"justify\"><span style=\"font-family: Times New Roman,serif;\"><span style=\"font-size: medium;\">El presidente de la Canaco, Rogelio Gonz\u00e1lez expres\u00f3; \u201cEs un honor poder recibir a los participantes de esta competencia y agradecemos al Comit\u00e9 Organizador los esfuerzos que se realizan para poder llevar a cabos eventos de esta talla en Ju\u00e1rez lo que genera un beneficio econ\u00f3mico a la ciudad en los servicios de hospedaje, alimentaci\u00f3n y transporte terrestre, as\u00ed como una derrama considerable en el corredor comercial del Paseo Triunfo de la Rep\u00fablica\u201d.<\/span><\/span><\/p>\n<p align=\"justify\"><span style=\"font-family: Times New Roman,serif;\"><span style=\"font-size: medium;\">Por su parte Gustavo \u00c1lvarez habl\u00f3 de los aspectos t\u00e9cnicos de la competencia y asegur\u00f3 que todo se encuentra listo para este domingo ya que se han cumplido con los requisitos que exige la IAAF, dato que fue confirmado por C\u00e1ndido V\u00e9lez.<\/span><\/span><\/p>\n<p align=\"justify\"><span style=\"font-family: Times New Roman,serif;\"><span style=\"font-size: medium;\">La representaci\u00f3n del Instituto Municipal del Deporte en Ju\u00e1rez a trav\u00e9s de Juan Pedro Plascencia habl\u00f3 sobre los esfuerzos coordinados entre municipio y gobierno para lograr posicionar a Ju\u00e1rez en el lugar que le corresponde gracias a su capacidad de organizaci\u00f3n.<\/span><\/span><\/p>\n<p align=\"justify\"><span style=\"font-family: Times New Roman,serif;\"><span style=\"font-size: medium;\">En su participaci\u00f3n Juan Pedro Santa Rosa indic\u00f3 la importancia de la participaci\u00f3n de la ciudadan\u00eda juarense; \u201cEste domingo ser\u00e1 un d\u00eda de fiesta, invitamos a las familias a acudir al circuito y ser part\u00edcipes de este evento, a las 10 de la ma\u00f1ana tendremos un evento masivo para que grandes y chicos recorran este circuito en el que participan marchistas ol\u00edmpicos\u201d.<\/span><\/span><\/p>\n<p align=\"justify\"><span style=\"font-family: Times New Roman,serif;\"><span style=\"font-size: medium;\">Se anunci\u00f3 que el Circuito tendr\u00e1 un cierre parcial a partir del s\u00e1bado 11 de marzo a las 12:00 horas, limitando la circulaci\u00f3n vehicular a solo dos carriles de oeste a este y las 12 de la noche un cierre total entre las Avenidas Adolfo L\u00f3pez Mateos y Calle Lago de P\u00e1tzcuaro. <\/span><\/span><\/p>\n<p align=\"justify\"><span style=\"font-family: Times New Roman,serif;\"><span style=\"font-size: medium;\">Por noveno a\u00f1o consecutivo la Asociaci\u00f3n Internacional de Federaciones de Atletismo otorg\u00f3 al estado de Chihuahua la sede de una de las fechas del Circuito de Marcha y por segundo a\u00f1o Ciudad Ju\u00e1rez albergar\u00e1 este evento, contando con bolsa de premiaci\u00f3n de m\u00e1s de 36 mil d\u00f3lares.<\/span><\/span><\/p>\n<p align=\"justify\"><span style=\"font-family: Times New Roman,serif;\"><span style=\"font-size: medium;\"><b>Datos de inter\u00e9s<\/b><\/span><\/span><\/p>\n<p align=\"justify\"><span style=\"font-family: Times New Roman,serif;\"><span style=\"font-size: medium;\"><b>8:00am <\/b><\/span><\/span><span style=\"font-family: Times New Roman,serif;\"><span style=\"font-size: medium;\">10 kms femenil<\/span><\/span><\/p>\n<p align=\"justify\"><span style=\"font-family: Times New Roman,serif;\"><span style=\"font-size: medium;\"><b>9:00am <\/b><\/span><\/span><span style=\"font-family: Times New Roman,serif;\"><span style=\"font-size: medium;\">10 kms varonil<\/span><\/span><\/p>\n<p align=\"justify\"><span style=\"font-family: Times New Roman,serif;\"><span style=\"font-size: medium;\"><b>10:00am <\/b><\/span><\/span><span style=\"font-family: Times New Roman,serif;\"><span style=\"font-size: medium;\">Evento \u201cMu\u00e9vete\u201d (familiar)<\/span><\/span><\/p>\n<p align=\"justify\"><span style=\"font-family: Times New Roman,serif;\"><span style=\"font-size: medium;\"><b>11:00am <\/b><\/span><\/span><span style=\"font-family: Times New Roman,serif;\"><span style=\"font-size: medium;\">20 kms femenil<\/span><\/span><\/p>\n<p align=\"justify\"><span style=\"font-family: Times New Roman,serif;\"><span style=\"font-size: medium;\"><b>1:00pm <\/b><\/span><\/span><span style=\"font-family: Times New Roman,serif;\"><span style=\"font-size: medium;\">20 kms varonil<\/span><\/span><\/p>\n","protected":false},"excerpt":{"rendered":"<p>Este viernes se realiz\u00f3 la Rueda de Prensa previa al Circuito Internacional de Marcha que se realizar\u00e1 en Ciudad Ju\u00e1rez este domingo 12 de marzo en el Circuito denominado \u201cPaseo Triunfo de la Rep\u00fablica\u201d a partir de las 8:00 horas. La conferencia con los medios de comunicaci\u00f3n se dio en las instalaciones de la C\u00e1mara [&hellip;]<\/p>\n","protected":false},"author":1,"featured_media":4975,"comment_status":"closed","ping_status":"open","sticky":false,"template":"","format":"standard","meta":{"_crdt_document":"","footnotes":""},"categories":[1923],"tags":[],"class_list":["post-4974","post","type-post","status-publish","format-standard","has-post-thumbnail","hentry","category-noticias1"],"_links":{"self":[{"href":"https:\/\/www.deportechihuahua.com.mx\/1\/wp-json\/wp\/v2\/posts\/4974","targetHints":{"allow":["GET"]}}],"collection":[{"href":"https:\/\/www.deportechihuahua.com.mx\/1\/wp-json\/wp\/v2\/posts"}],"about":[{"href":"https:\/\/www.deportechihuahua.com.mx\/1\/wp-json\/wp\/v2\/types\/post"}],"author":[{"embeddable":true,"href":"https:\/\/www.deportechihuahua.com.mx\/1\/wp-json\/wp\/v2\/users\/1"}],"replies":[{"embeddable":true,"href":"https:\/\/www.deportechihuahua.com.mx\/1\/wp-json\/wp\/v2\/comments?post=4974"}],"version-history":[{"count":1,"href":"https:\/\/www.deportechihuahua.com.mx\/1\/wp-json\/wp\/v2\/posts\/4974\/revisions"}],"predecessor-version":[{"id":4976,"href":"https:\/\/www.deportechihuahua.com.mx\/1\/wp-json\/wp\/v2\/posts\/4974\/revisions\/4976"}],"wp:featuredmedia":[{"embeddable":true,"href":"https:\/\/www.deportechihuahua.com.mx\/1\/wp-json\/wp\/v2\/media\/4975"}],"wp:attachment":[{"href":"https:\/\/www.deportechihuahua.com.mx\/1\/wp-json\/wp\/v2\/media?parent=4974"}],"wp:term":[{"taxonomy":"category","embeddable":true,"href":"https:\/\/www.deportechihuahua.com.mx\/1\/wp-json\/wp\/v2\/categories?post=4974"},{"taxonomy":"post_tag","embeddable":true,"href":"https:\/\/www.deportechihuahua.com.mx\/1\/wp-json\/wp\/v2\/tags?post=4974"}],"curies":[{"name":"wp","href":"https:\/\/api.w.org\/{rel}","templated":true}]}}