{"id":5001,"date":"2017-03-11T12:03:25","date_gmt":"2017-03-11T19:03:25","guid":{"rendered":"http:\/\/www.deportechihuahua.com.mx\/1\/?p=5001"},"modified":"2017-05-08T12:16:14","modified_gmt":"2017-05-08T18:16:14","slug":"llego-el-momento","status":"publish","type":"post","link":"https:\/\/www.deportechihuahua.com.mx\/1\/archivos\/5001","title":{"rendered":"\u00a1Lleg\u00f3 el momento!"},"content":{"rendered":"<p align=\"justify\"><span style=\"font-family: Times New Roman,serif;\"><span style=\"font-size: medium;\"><a href=\"https:\/\/www.deportechihuahua.com.mx\/1\/wp-content\/uploads\/2017\/05\/ARCHIVO-MARCHA.jpg\"><img loading=\"lazy\" decoding=\"async\" class=\"alignleft size-full wp-image-5002\" src=\"https:\/\/www.deportechihuahua.com.mx\/1\/wp-content\/uploads\/2017\/05\/ARCHIVO-MARCHA.jpg\" alt=\"\" width=\"620\" height=\"339\" srcset=\"https:\/\/www.deportechihuahua.com.mx\/1\/wp-content\/uploads\/2017\/05\/ARCHIVO-MARCHA.jpg 620w, https:\/\/www.deportechihuahua.com.mx\/1\/wp-content\/uploads\/2017\/05\/ARCHIVO-MARCHA-300x164.jpg 300w\" sizes=\"auto, (max-width: 620px) 100vw, 620px\" \/><\/a>Este domingo 12 de marzo, en el Circuito Internacional de Marcha en Ciudad Ju\u00e1rez, comienza la temporada de los marchistas mexicanos en busca de llegar a la meta del a\u00f1o que es el Campeonato Mundial de Londres en agosto.<\/span><\/span><\/p>\n<p align=\"justify\">\u201c<span style=\"font-family: Times New Roman,serif;\"><span style=\"font-size: medium;\">El circuito esta sobre 900 metros a nivel del mar y es excelente, totalmente plano, y en el evento tenemos a 167 atletas inscritos de 20 pa\u00edses. El certamen ser\u00e1 clasificatorio para la Copa Panamericana de Per\u00fa en mayo, y donde los cuatro primeros de cada categor\u00eda obtendr\u00e1n su boleto\u201d, declar\u00f3 el presidente de la Federaci\u00f3n Mexicana de Asociaciones de Atletismo, Antonio Lozano.<\/span><\/span><\/p>\n<p align=\"justify\"><span style=\"font-family: Times New Roman,serif;\"><span style=\"font-size: medium;\">En este certamen se realizar\u00e1n las pruebas juveniles de 10 kil\u00f3metros y las dos ramas en 20 km. La siguiente semana en Monterrey ser\u00e1 el turno de los cincuenteros para conseguir su pase a la Copa Panamericana.<\/span><\/span><\/p>\n<p align=\"justify\">\u201c<span style=\"font-family: Times New Roman,serif;\"><span style=\"font-size: medium;\">La separaci\u00f3n se da porque es algo que hace por primera vez la Federaci\u00f3n Internacional, lo cual es algo muy positivo porque M\u00e9xico como innovador de la caminata a nivel mundial y por los resultados que ha tenido, es la primera vez que se dan dos challengers y los dos son puntuables\u201d, dijo Lozano.<\/span><\/span><\/p>\n<p align=\"justify\"><span style=\"font-family: Times New Roman,serif;\"><span style=\"font-size: medium;\">En el certamen estar\u00e1n figuras como el australiano Jared Tallent, medallista ol\u00edmpico, y la subcampeona ol\u00edmpica, la mexicana Guadalupe Gonz\u00e1lez, quien en esta competencia ver\u00e1 s\u00ed ha funcionado el trabajo hecho con su nuevo entrenador.<\/span><\/span><\/p>\n<p align=\"left\"><span style=\"font-family: Times New Roman,serif;\"><span style=\"font-size: medium;\">DATOS DE INTER\u00c9S<\/span><\/span><\/p>\n<p align=\"left\"><span style=\"font-family: Times New Roman,serif;\"><span style=\"font-size: medium;\">Evento: Circuito Internacional de Marcha 2017<\/span><\/span><\/p>\n<p align=\"left\"><span style=\"font-family: Times New Roman,serif;\"><span style=\"font-size: medium;\">D\u00eda: Domingo 12 de marzo de 2017<\/span><\/span><\/p>\n<p align=\"left\"><span style=\"font-family: Times New Roman,serif;\"><span style=\"font-size: medium;\">Lugar: Circuito Paseo Triunfo de la Rep\u00fablica (2km)<\/span><\/span><\/p>\n<p align=\"left\"><span style=\"font-family: Times New Roman,serif;\"><span style=\"font-size: medium;\">Horario: 08:00 horas 10 kms femenil<\/span><\/span><\/p>\n<p align=\"left\"><span style=\"font-family: Times New Roman,serif;\"><span style=\"font-size: medium;\">09:00 horas 10kms varonil<\/span><\/span><\/p>\n<p align=\"left\"><span style=\"font-family: Times New Roman,serif;\"><span style=\"font-size: medium;\">10:00 horas Evento Social (Caminata Recreativa \u201cMu\u00e9vete\u201d)<\/span><\/span><\/p>\n<p align=\"left\"><span style=\"font-family: Times New Roman,serif;\"><span style=\"font-size: medium;\">11:00 horas 20 kms femenil<\/span><\/span><\/p>\n<p align=\"left\"><span style=\"font-family: Times New Roman,serif;\"><span style=\"font-size: medium;\">13:00 horas 20 kms varonil<\/span><\/span><\/p>\n<p align=\"left\"><span style=\"font-family: Times New Roman,serif;\"><span style=\"font-size: medium;\">PA\u00cdSES PARTICIPANTES<\/span><\/span><\/p>\n<p align=\"left\"><span style=\"font-family: Times New Roman,serif;\"><span style=\"font-size: medium;\">M\u00e9xico<\/span><\/span><\/p>\n<p align=\"left\"><span style=\"font-family: Times New Roman,serif;\"><span style=\"font-size: medium;\">Australia<\/span><\/span><\/p>\n<p align=\"left\"><span style=\"font-family: Times New Roman,serif;\"><span style=\"font-size: medium;\">Bolivia<\/span><\/span><\/p>\n<p align=\"left\"><span style=\"font-family: Times New Roman,serif;\"><span style=\"font-size: medium;\">Brasil<\/span><\/span><\/p>\n<p align=\"left\"><span style=\"font-family: Times New Roman,serif;\"><span style=\"font-size: medium;\">Chile<\/span><\/span><\/p>\n<p align=\"left\"><span style=\"font-family: Times New Roman,serif;\"><span style=\"font-size: medium;\">Colombia<\/span><\/span><\/p>\n<p align=\"left\"><span style=\"font-family: Times New Roman,serif;\"><span style=\"font-size: medium;\">Ecuador<\/span><\/span><\/p>\n<p align=\"left\"><span style=\"font-family: Times New Roman,serif;\"><span style=\"font-size: medium;\">El Salvador<\/span><\/span><\/p>\n<p align=\"left\"><span style=\"font-family: Times New Roman,serif;\"><span style=\"font-size: medium;\">Etiop\u00eda<\/span><\/span><\/p>\n<p align=\"left\"><span style=\"font-family: Times New Roman,serif;\"><span style=\"font-size: medium;\">Guatemala<\/span><\/span><\/p>\n<p align=\"left\"><span style=\"font-family: Times New Roman,serif;\"><span style=\"font-size: medium;\">Hungr\u00eda<\/span><\/span><\/p>\n<p align=\"left\"><span style=\"font-family: Times New Roman,serif;\"><span style=\"font-size: medium;\">Nueva Zelanda<\/span><\/span><\/p>\n<p align=\"left\"><span style=\"font-family: Times New Roman,serif;\"><span style=\"font-size: medium;\">Portugal<\/span><\/span><\/p>\n<p align=\"left\"><span style=\"font-family: Times New Roman,serif;\"><span style=\"font-size: medium;\">Estados Unidos<\/span><\/span><\/p>\n<p align=\"left\"><span style=\"font-family: Times New Roman,serif;\"><span style=\"font-size: medium;\">Puerto Rico<\/span><\/span><\/p>\n<p align=\"left\"><span style=\"font-family: Times New Roman,serif;\"><span style=\"font-size: medium;\">Canad\u00e1<\/span><\/span><\/p>\n<p align=\"left\"><span style=\"font-family: Times New Roman,serif;\"><span style=\"font-size: medium;\">Italia<\/span><\/span><\/p>\n<p align=\"left\"><span style=\"font-family: Times New Roman,serif;\"><span style=\"font-size: medium;\">Sud\u00e1frica<\/span><\/span><\/p>\n<p align=\"left\"><span style=\"font-family: Times New Roman,serif;\"><span style=\"font-size: medium;\">Suecia<\/span><\/span><\/p>\n<p align=\"justify\"><span style=\"font-family: Times New Roman,serif;\"><span style=\"font-size: medium;\">Venezuela<\/span><\/span><\/p>\n","protected":false},"excerpt":{"rendered":"<p>Este domingo 12 de marzo, en el Circuito Internacional de Marcha en Ciudad Ju\u00e1rez, comienza la temporada de los marchistas mexicanos en busca de llegar a la meta del a\u00f1o que es el Campeonato Mundial de Londres en agosto. \u201cEl circuito esta sobre 900 metros a nivel del mar y es excelente, totalmente plano, y [&hellip;]<\/p>\n","protected":false},"author":1,"featured_media":5002,"comment_status":"closed","ping_status":"open","sticky":false,"template":"","format":"standard","meta":{"_crdt_document":"","footnotes":""},"categories":[1925,1923],"tags":[],"class_list":["post-5001","post","type-post","status-publish","format-standard","has-post-thumbnail","hentry","category-olimpiada","category-noticias1"],"_links":{"self":[{"href":"https:\/\/www.deportechihuahua.com.mx\/1\/wp-json\/wp\/v2\/posts\/5001","targetHints":{"allow":["GET"]}}],"collection":[{"href":"https:\/\/www.deportechihuahua.com.mx\/1\/wp-json\/wp\/v2\/posts"}],"about":[{"href":"https:\/\/www.deportechihuahua.com.mx\/1\/wp-json\/wp\/v2\/types\/post"}],"author":[{"embeddable":true,"href":"https:\/\/www.deportechihuahua.com.mx\/1\/wp-json\/wp\/v2\/users\/1"}],"replies":[{"embeddable":true,"href":"https:\/\/www.deportechihuahua.com.mx\/1\/wp-json\/wp\/v2\/comments?post=5001"}],"version-history":[{"count":1,"href":"https:\/\/www.deportechihuahua.com.mx\/1\/wp-json\/wp\/v2\/posts\/5001\/revisions"}],"predecessor-version":[{"id":5003,"href":"https:\/\/www.deportechihuahua.com.mx\/1\/wp-json\/wp\/v2\/posts\/5001\/revisions\/5003"}],"wp:featuredmedia":[{"embeddable":true,"href":"https:\/\/www.deportechihuahua.com.mx\/1\/wp-json\/wp\/v2\/media\/5002"}],"wp:attachment":[{"href":"https:\/\/www.deportechihuahua.com.mx\/1\/wp-json\/wp\/v2\/media?parent=5001"}],"wp:term":[{"taxonomy":"category","embeddable":true,"href":"https:\/\/www.deportechihuahua.com.mx\/1\/wp-json\/wp\/v2\/categories?post=5001"},{"taxonomy":"post_tag","embeddable":true,"href":"https:\/\/www.deportechihuahua.com.mx\/1\/wp-json\/wp\/v2\/tags?post=5001"}],"curies":[{"name":"wp","href":"https:\/\/api.w.org\/{rel}","templated":true}]}}