{"id":590,"date":"2011-09-23T22:28:14","date_gmt":"2011-09-23T22:28:14","guid":{"rendered":"http:\/\/www.deportechihuahua.com.mx\/1\/noticias\/eventos\/manana-carrera-de-novatos-chihuahua-vive-en-las-prepas\/"},"modified":"2011-09-23T22:28:14","modified_gmt":"2011-09-23T22:28:14","slug":"manana-carrera-de-novatos-chihuahua-vive-en-las-prepas","status":"publish","type":"post","link":"https:\/\/www.deportechihuahua.com.mx\/1\/archivos\/590","title":{"rendered":"Ma\u00f1ana Carrera de Novatos  \u201cChihuahua Vive en las Prepas\u201d"},"content":{"rendered":"<p style=\"text-align: center; \" mce_style=\"text-align: center; \"><img loading=\"lazy\" decoding=\"async\" class=\" size-full wp-image-589 size-full wp-image-589\" src=\"https:\/\/www.deportechihuahua.com.mx\/1\/wp-content\/uploads\/2011\/09\/novatos_480.jpg\" mce_src=\"https:\/\/www.deportechihuahua.com.mx\/1\/wp-content\/uploads\/2011\/09\/novatos_480.jpg\" alt=\"alt\" width=\"480\" height=\"250\" srcset=\"https:\/\/www.deportechihuahua.com.mx\/1\/wp-content\/uploads\/2011\/09\/novatos_480.jpg 480w, https:\/\/www.deportechihuahua.com.mx\/1\/wp-content\/uploads\/2011\/09\/novatos_480-300x156.jpg 300w\" sizes=\"auto, (max-width: 480px) 100vw, 480px\" \/><\/p>\n<p>\u00a0El Gobierno del Estado, la Secretar\u00eda de Educaci\u00f3n, Cultura y Deporte, a trav\u00e9s del Instituto Chihuahuense del Deporte y Cultura F\u00edsica, informan que, este s\u00e1bado 24 de septiembre se realizar\u00e1 la primera Carrera Estatal de Novatos \u201cChihuahua Vive en las Prepas\u201d, saliendo a las 7:00 horas de la Avenida Universidad y Pascual Orozco.<\/p>\n<p> <!--more--> <\/p>\n<p>El evento iniciar\u00e1 \u00a0a las 6:45 horas con actividad f\u00edsica para luego hacer el recorrido de 2.5 kil\u00f3metros, terminando en la Plaza Mayor, en donde previo a la premiaci\u00f3n se llevar\u00e1 a cabo una feria con grupos de m\u00fasica y cantantes de las preparatorias participantes.<\/p>\n<p>\u00a0Participaran alumnos de preparatorias del Estado y Privadas, en las categor\u00edas Novatos, Fosiles, Trabajadores y Padres de Familia.<\/p>\n<p><\/p>\n<p><\/p>\n<p><\/p>\n","protected":false},"excerpt":{"rendered":"<p>\u00a0El Gobierno del Estado, la Secretar\u00eda de Educaci\u00f3n, Cultura y Deporte, a trav\u00e9s del Instituto Chihuahuense del Deporte y Cultura F\u00edsica, informan que, este s\u00e1bado 24 de septiembre se realizar\u00e1 la primera Carrera Estatal de Novatos \u201cChihuahua Vive en las Prepas\u201d, saliendo a las 7:00 horas de la Avenida Universidad y Pascual Orozco.<\/p>\n","protected":false},"author":1,"featured_media":588,"comment_status":"open","ping_status":"open","sticky":false,"template":"","format":"standard","meta":{"_crdt_document":"","footnotes":""},"categories":[1],"tags":[],"class_list":["post-590","post","type-post","status-publish","format-standard","has-post-thumbnail","hentry","category-uncategorized"],"_links":{"self":[{"href":"https:\/\/www.deportechihuahua.com.mx\/1\/wp-json\/wp\/v2\/posts\/590","targetHints":{"allow":["GET"]}}],"collection":[{"href":"https:\/\/www.deportechihuahua.com.mx\/1\/wp-json\/wp\/v2\/posts"}],"about":[{"href":"https:\/\/www.deportechihuahua.com.mx\/1\/wp-json\/wp\/v2\/types\/post"}],"author":[{"embeddable":true,"href":"https:\/\/www.deportechihuahua.com.mx\/1\/wp-json\/wp\/v2\/users\/1"}],"replies":[{"embeddable":true,"href":"https:\/\/www.deportechihuahua.com.mx\/1\/wp-json\/wp\/v2\/comments?post=590"}],"version-history":[{"count":0,"href":"https:\/\/www.deportechihuahua.com.mx\/1\/wp-json\/wp\/v2\/posts\/590\/revisions"}],"wp:featuredmedia":[{"embeddable":true,"href":"https:\/\/www.deportechihuahua.com.mx\/1\/wp-json\/wp\/v2\/media\/588"}],"wp:attachment":[{"href":"https:\/\/www.deportechihuahua.com.mx\/1\/wp-json\/wp\/v2\/media?parent=590"}],"wp:term":[{"taxonomy":"category","embeddable":true,"href":"https:\/\/www.deportechihuahua.com.mx\/1\/wp-json\/wp\/v2\/categories?post=590"},{"taxonomy":"post_tag","embeddable":true,"href":"https:\/\/www.deportechihuahua.com.mx\/1\/wp-json\/wp\/v2\/tags?post=590"}],"curies":[{"name":"wp","href":"https:\/\/api.w.org\/{rel}","templated":true}]}}